{"id":677,"date":"2020-01-08T13:58:22","date_gmt":"2020-01-08T12:58:22","guid":{"rendered":"http:\/\/www.thill-heusbourg.lu\/test\/wordpress\/?p=677"},"modified":"2020-01-08T14:08:15","modified_gmt":"2020-01-08T13:08:15","slug":"marguerite-duras-an-d-gefor-vun-ideologien","status":"publish","type":"post","link":"https:\/\/www.thill-heusbourg.lu\/test\/wordpress\/?p=677","title":{"rendered":"Marguerite Duras an d&#8217; Gefor vun Ideologien"},"content":{"rendered":"\n<p>De Gilbert Pregno schreiwt op Facebook haut:<\/p>\n\n\n\n<p>&#8220;Marguerite Duras, Le Matin, 4 juin 1986, c&#8217;\u00e9tait il y a presque 35 ans &#8230;.&#8221;<\/p>\n\n\n\n<p>\u00ab Maintenant on pourrait presque enseigner aux enfants dans les \u00e9coles comment la plan\u00e8te va mourir, non pas comme une probabilit\u00e9 mais comme l\u2019histoire du futur. On leur dirait qu\u2019on a d\u00e9couvert des feux, des brasiers, des fusions, que l\u2019homme avait allum\u00e9s et qu\u2019il \u00e9tait incapable d\u2019arr\u00eater. Que c\u2019\u00e9tait comme \u00e7a, qu\u2019il y avait des sortes d\u2019incendie qu\u2019on ne pouvait plus arr\u00eater du tout. Le capitalisme a fait son choix : plut\u00f4t \u00e7a que de perdre son r\u00e8gne. \u00bb (Marguerite Duras)<\/p>\n\n\n\n<p>Ech hun e grousse Problem mat Ideologien, reli\u00e9isen an net reli\u00e9isen, well se \u00ebmmer g\u00e9int d\u2018 Intelligenz denken an handelen. Et g\u00ebt eben e richtegen an e falsche Gebrauch vu Weltanschauungen, suwuel reli\u00e9isen w\u00e9i de net-reli\u00e9isen. De Josef Pieper huet hei  parallel a synonym zuer Definitioun vun der \u201eIdeologie\u201c vun der \u201eSelbstt\u00e4uschung, die ja nichts anderes ist als eine vom Willen her bestimmte Unsachlichkeit in der Wirklichkeits-wahrnehmung\u201c geschwat. All Ideologien beh\u00ebnneren esou d\u2018 Entw\u00e9cklung vun der Intelligenz a vum Gudden an alle Ber\u00e4icher, ob elo \u201eBio-Ethik\u201c oder \u201eOeko-Ethik\u201c, well, hei r\u00ebm mam Pieper geschwat,  \u201eder Vorrang der Klugheit bedeutet n\u00e4mlich nichts anderes, als dass die Verwirklichung des Guten das Wissen um die Wirklichkeit voraussetzt. (\u2026) Wer nicht weiss, wie die Dinge wirklich sind und liegen, der kann auch nicht das Gute tun; denn das Gute ist das Wirklichkeitsgem\u00e4sse.\u201c Domadder si mir scho matzen am Thema vun Bio-an\/oder \u00d6ko-Ethik, well Du kanns jo net d\u00e9i bannenz\u00e9ch Welt vun der Bausse-Welt trennen, a wanns Du et fir aner Zwecker w\u00e9i d\u00e9i vun der Analyse m\u00e9chs, da bass Du schon an daer Fal, vun daer de Pieper schreiwt. D\u2018 Marguerite Duras war an deem S\u00ebnn wirklech eng Vision\u00e4rin, datt sie op d\u2019manst am Ber\u00e4ich vun der \u201eBio-a Sexual-Ethik\u201c 1977 trotz Opfuerderung duerch den H\u00e4r Matzneff selwer net mat deenen ideologesch verblendten frans\u00e9ische L\u00e9nken vun Aragon bis De Beauvoir a Sartre d\u00e9i infam Tribune am Le Monde zum Thema Exculp\u00e9irung an Entkriminalis\u00e9irung  vun der P\u00e9dophilie mat \u00ebnnerschriwen huet. Datt d\u00e9i selwecht Leit (ouni d\u2018 Marguerite Duras) och d\u2018 Wierk vun engem intelligenten Net-Ideologen w\u00e9i den Albert Camus veruecht hun, seet jo scho genuch. An do, wou d\u2018 Marguerite Duras ideologesch bleiwt w\u00e9i hei an deem Text, wou si schreiwt, datt et am Contr\u00e4r zum Kommunismus d\u00e9i inh\u00e4rent Logik vum Kapitalismus wier, d\u00e9i eis \u00cbmwelt g\u00e9if zerst\u00e9ieren, sou gesi mir haut suwuel an de kommunisteschen w\u00e9i post-kommunistesche L\u00e4nner, datt et net eleng de fr\u00e4ie Maart an de Kapitalismus sin, d\u00e9i d\u2018 \u00cbmwelt w\u00e9inst \u201eProfit\u201c zerst\u00e9ieren, mee datt d\u00e9i selwecht Maxim\u00e9irung vum Profit a vum Wuesstem dat och an deene \u201ekommunistesche\u201c L\u00e4nner an an hire neien Kolonien an Afrika m\u00e9cht, wubei hei nach de Problem dobei k\u00ebnnt, datt et an deene L\u00e4nner keng fr\u00e4i Press g\u00ebt, d\u00e9i sou w\u00e9i an eise kapitalistesch-demokratesche L\u00e4nner en alternativt Bewosstsein schafe kann. Dofir fannen ech d\u00e9i zwee nei Bicher vum Carola Rackete an Luisa Neubauer (vum Greta Thunberg hun ech do nach n\u00e4ischt zu deem Thema a Buchform gelies, mee et geet awer och an d\u00e9i Richtung) zum Thema Migratioun an Klimakrise n\u00ebmmen nach traureg, well hei aus enger neo-\u201emarxistescher\u201c Attitude eraus argument\u00e9iert g\u00ebt, datt mir n\u00ebmmen de Kapitalismus mussen ofschafen, an da waer alles an der Rei. Dat si fir m\u00e9ch Vertrieder vun enger Pseudo-&#8220;Woke-Culture&#8221;, d\u00e9i eng ganz autorit\u00e4r l\u00e9nks Ideologie Vertrieden, d\u00e9i net besser w\u00e9i d\u00e9i vu riets as, mee a m\u00e9ngen An m\u00e9i gef\u00e9ierlech, well se s\u00e9ch mam M\u00e4ntelchen &#8220;Humanit\u00e9it&#8221; vill besser verkeeft. <\/p>\n","protected":false},"excerpt":{"rendered":"\n<p>De Gilbert Pregno schreiwt op Facebook haut:<\/p>\n<p>&#8220;Marguerite Duras, Le Matin, 4 juin 1986, c&#8217;\u00e9tait il y a presque 35 ans &#8230;.&#8221;<\/p>\n<p>\u00ab Maintenant on pourrait presque enseigner aux enfants dans les \u00e9coles comment la plan\u00e8te va mourir, non pas comme une probabilit\u00e9 mais comme l\u2019histoire du futur. On leur dirait qu\u2019on a d\u00e9couvert [&#8230;]<\/p>\n","protected":false},"author":3,"featured_media":0,"comment_status":"open","ping_status":"open","sticky":false,"template":"","format":"standard","meta":{"footnotes":""},"categories":[31],"tags":[],"class_list":["post-677","post","type-post","status-publish","format-standard","hentry","category-ideologie-und-klugheit","odd"],"_links":{"self":[{"href":"https:\/\/www.thill-heusbourg.lu\/test\/wordpress\/index.php?rest_route=\/wp\/v2\/posts\/677","targetHints":{"allow":["GET"]}}],"collection":[{"href":"https:\/\/www.thill-heusbourg.lu\/test\/wordpress\/index.php?rest_route=\/wp\/v2\/posts"}],"about":[{"href":"https:\/\/www.thill-heusbourg.lu\/test\/wordpress\/index.php?rest_route=\/wp\/v2\/types\/post"}],"author":[{"embeddable":true,"href":"https:\/\/www.thill-heusbourg.lu\/test\/wordpress\/index.php?rest_route=\/wp\/v2\/users\/3"}],"replies":[{"embeddable":true,"href":"https:\/\/www.thill-heusbourg.lu\/test\/wordpress\/index.php?rest_route=%2Fwp%2Fv2%2Fcomments&post=677"}],"version-history":[{"count":2,"href":"https:\/\/www.thill-heusbourg.lu\/test\/wordpress\/index.php?rest_route=\/wp\/v2\/posts\/677\/revisions"}],"predecessor-version":[{"id":679,"href":"https:\/\/www.thill-heusbourg.lu\/test\/wordpress\/index.php?rest_route=\/wp\/v2\/posts\/677\/revisions\/679"}],"wp:attachment":[{"href":"https:\/\/www.thill-heusbourg.lu\/test\/wordpress\/index.php?rest_route=%2Fwp%2Fv2%2Fmedia&parent=677"}],"wp:term":[{"taxonomy":"category","embeddable":true,"href":"https:\/\/www.thill-heusbourg.lu\/test\/wordpress\/index.php?rest_route=%2Fwp%2Fv2%2Fcategories&post=677"},{"taxonomy":"post_tag","embeddable":true,"href":"https:\/\/www.thill-heusbourg.lu\/test\/wordpress\/index.php?rest_route=%2Fwp%2Fv2%2Ftags&post=677"}],"curies":[{"name":"wp","href":"https:\/\/api.w.org\/{rel}","templated":true}]}}