{"id":551,"date":"2016-02-03T15:43:01","date_gmt":"2016-02-03T14:43:01","guid":{"rendered":"http:\/\/www.thill-heusbourg.lu\/test\/wordpress\/?p=551"},"modified":"2017-09-21T07:52:16","modified_gmt":"2017-09-21T06:52:16","slug":"das-gegenteil-von-gut-ist-gut-gemeint","status":"publish","type":"post","link":"https:\/\/www.thill-heusbourg.lu\/test\/wordpress\/?p=551","title":{"rendered":"Das Gegenteil von gut ist gut gemeint"},"content":{"rendered":"<p>&nbsp;<\/p>\n<p>Zum Artikel\u00a0 \u00fcber das Internationale Forum f\u00fcr Lernschwierigkeiten vom 30.1.2016<\/p>\n<p>Eine f\u00fcr mich sehr stimmige Definition von Krankheit in Bezug auf Lern-und Aufmerksamkeitsst\u00f6rungen stammt von Prof. Andreas Warnke: \u00a0\u201eWir sprechen von Krankheit, wenn eine k\u00f6rperliche oder seelische Beeintr\u00e4chtigung so schwerwiegend ist, da\u00df ein Kind oder Jugendlicher der Bew\u00e4ltigung von alters-und entwicklungsangemessenen Lebensaufgaben nicht nachkommen kann und dadurch seelisches und k\u00f6rperliches Leid von Behandlungsrelevanz entsteht.<br \/>\nDie von dem St\u00f6rungsbild betroffenen Kinder und Jugendlichen haben eine hohe Gef\u00e4hrdung in ihrer sozialen Eingliederung zu scheitern, in Familie, Kindergarten, Schule und Beruf in Au\u00dfenseiter-positionen zu geraten und \u00a0in ihren begabungsad\u00e4quat schulischen und beruflichen Ausbildungsg\u00e4ngen zu scheitern.\u201c<\/p>\n<p>Wieso \u00a0das von der Fondation du Grand-Duc et de la Grande-Duchesse\u00a0 veranstaltete \u00a0Symposium zu Lern-und Aufmerksamkeitsst\u00f6rungen\u00a0 (von Dyslexie \u00fcber Dyspraxie, Dysphasie, Dyscalculie zu ADHS), laut Homepage und Pressekonferenz,\u00a0 als einen der Hauptgedanken des Kongresses angegeben hat, dass diese St\u00f6rungen weder als Krankheit noch als Behinderung zu bezeichnen seien, ist mir nicht bekannt. Es stellt aber aus neurologischer Sicht ein schwer verst\u00e4ndliches\u00a0 und weder \u00a0wissenschaftlich noch gesundheits-politisch argumentierbares Konzept dar .<\/p>\n<p>Der zurecht wie oben \u00a0definierte Krankheits-und Behinderungsbegriff dient auch als\u00a0 Schutz und\u00a0 Rechtsquelle: Schutz vor Ausgliederung, Recht auf Diagnostik, Recht auf Differenzierung und Inkludierung, Recht auf Behandlung, Recht auf Kosten\u00fcbernahme durch die Krankenkasse ohne das die betroffenen Kinder und Erwachsenen keinen \u00a0Anspruch auf angemessene Ber\u00fccksichtigung in unseren Schulen ( am\u00e9nagement raisonnable) oder am Arbeitsmarkt (Statut des travailleur handicap\u00e9) haben.<\/p>\n<p>Dr Robert Thill-Heusbourg<\/p>\n<p>Facharzt f\u00fcr Neurologie<\/p>\n<p>Pr\u00e4sident des Treffpunkt ADHS<\/p>\n<p>siehe auch das Video hierzu auf meiner Facebook-Seite<\/p>\n","protected":false},"excerpt":{"rendered":"<p>&nbsp;<\/p>\n<p>Zum Artikel \u00fcber das Internationale Forum f\u00fcr Lernschwierigkeiten vom 30.1.2016<\/p>\n<p>Eine f\u00fcr mich sehr stimmige Definition von Krankheit in Bezug auf Lern-und Aufmerksamkeitsst\u00f6rungen stammt von Prof. Andreas Warnke: \u201eWir sprechen von Krankheit, wenn eine k\u00f6rperliche oder seelische Beeintr\u00e4chtigung so schwerwiegend ist, da\u00df ein Kind oder Jugendlicher der Bew\u00e4ltigung von alters-und entwicklungsangemessenen Lebensaufgaben nicht nachkommen [&#8230;]<\/p>\n","protected":false},"author":3,"featured_media":0,"comment_status":"open","ping_status":"open","sticky":false,"template":"","format":"standard","meta":{"footnotes":""},"categories":[15,23],"tags":[],"class_list":["post-551","post","type-post","status-publish","format-standard","hentry","category-medizin","category-schoul-an-integratioun","odd"],"_links":{"self":[{"href":"https:\/\/www.thill-heusbourg.lu\/test\/wordpress\/index.php?rest_route=\/wp\/v2\/posts\/551","targetHints":{"allow":["GET"]}}],"collection":[{"href":"https:\/\/www.thill-heusbourg.lu\/test\/wordpress\/index.php?rest_route=\/wp\/v2\/posts"}],"about":[{"href":"https:\/\/www.thill-heusbourg.lu\/test\/wordpress\/index.php?rest_route=\/wp\/v2\/types\/post"}],"author":[{"embeddable":true,"href":"https:\/\/www.thill-heusbourg.lu\/test\/wordpress\/index.php?rest_route=\/wp\/v2\/users\/3"}],"replies":[{"embeddable":true,"href":"https:\/\/www.thill-heusbourg.lu\/test\/wordpress\/index.php?rest_route=%2Fwp%2Fv2%2Fcomments&post=551"}],"version-history":[{"count":2,"href":"https:\/\/www.thill-heusbourg.lu\/test\/wordpress\/index.php?rest_route=\/wp\/v2\/posts\/551\/revisions"}],"predecessor-version":[{"id":583,"href":"https:\/\/www.thill-heusbourg.lu\/test\/wordpress\/index.php?rest_route=\/wp\/v2\/posts\/551\/revisions\/583"}],"wp:attachment":[{"href":"https:\/\/www.thill-heusbourg.lu\/test\/wordpress\/index.php?rest_route=%2Fwp%2Fv2%2Fmedia&parent=551"}],"wp:term":[{"taxonomy":"category","embeddable":true,"href":"https:\/\/www.thill-heusbourg.lu\/test\/wordpress\/index.php?rest_route=%2Fwp%2Fv2%2Fcategories&post=551"},{"taxonomy":"post_tag","embeddable":true,"href":"https:\/\/www.thill-heusbourg.lu\/test\/wordpress\/index.php?rest_route=%2Fwp%2Fv2%2Ftags&post=551"}],"curies":[{"name":"wp","href":"https:\/\/api.w.org\/{rel}","templated":true}]}}