{"id":522,"date":"2014-06-28T09:16:31","date_gmt":"2014-06-28T08:16:31","guid":{"rendered":"http:\/\/www.thill-heusbourg.lu\/test\/wordpress\/?p=522"},"modified":"2014-06-28T09:16:31","modified_gmt":"2014-06-28T08:16:31","slug":"leserbrief-an-den-chefredakteur-des-luxemburger-wort","status":"publish","type":"post","link":"https:\/\/www.thill-heusbourg.lu\/test\/wordpress\/?p=522","title":{"rendered":"Leserbrief an den Chefredakteur des Luxemburger Wort"},"content":{"rendered":"<p>24.Juni 2014<\/p>\n<p>&nbsp;<\/p>\n<p>Herrn Jean-Lou Siweck<\/p>\n<p>Chefredakteur<\/p>\n<p>Luxemburger Wort<\/p>\n<p>&nbsp;<\/p>\n<p>&nbsp;<\/p>\n<p>&nbsp;<\/p>\n<p>Sehr geehrter Herr Siweck,<\/p>\n<p>&nbsp;<\/p>\n<p>In Ihrem Leitartikel vom 21. Juni zum Thema ADR \u201cPlatzproblem\u201d schreiben Sie unter anderem:<\/p>\n<p>&nbsp;<\/p>\n<p>&#8220;Fernand Kartheiser gibt seinerseits vehement den Verteidiger eines erzkonservativen Familienbildes. Nur schade, dass er seine politische Karriere vorher, als Vorsitzender der M\u00e4nnervereinigung AHL, auf seiner Scheidung aufgebaut hat\u2026&#8221;<\/p>\n<p>Ich bin erstens dar\u00fcber verwundert, dass sie Herrn Kartheiser somit unterstellen, dass er sein Engagement f\u00fcr ein \u201ckonservatives Familienbild&#8221; nur vort\u00e4uscht (&#8220;Gibt..den Verteidiger\u201d) Dass sie zweitens einen (vermeintlichen) Gegensatz sehen zwischen seinem konsequenten Eintreten f\u00fcr ein &#8220;konservatives&#8221; Familienbild und der Tatsache seiner Scheidung, ist doch erstaunlich f\u00fcr einen Menschen Ihrer Bildung und Ihres Auftrags. Ich glaube nicht, dass der Umstand, in einer Ehe gescheitert zu sein, ein Grund sein k\u00f6nnte, sich nicht mehr f\u00fcr ein katholisches &#8211; Sie nennen es \u201cerzkonservatives\u201d- Familienbild einzusetzen, im Gegenteil. Gerade aus dem Scheitern heraus erstehen Menschen oft mit einem erneuerten Blick auf das Vergangene und verm\u00f6gen so anders und manchmal auch besser mit alten Idealen und anderen Menschen umzugehen.<\/p>\n<p>Ich finde es weiters befremdlich und bedauerlich, dass sie Herrn Kartheiser einen Vorwurf daraus zu machen scheinen, dass er als politisch denkender Mensch seine pers\u00f6nliche Situation als Geschiedener, die er mit vielen Menschen in unserem Land teilt, zu einem seiner Ausgangspunkte f\u00fcr sein politisches Handeln macht. F\u00fcr sehr viele Menschen in psycho-sozialen und politischen Berufen lassen sich ihr spezifisches Engagement und ihre Berufswahl auf solche biographischen Wunden zur\u00fcckf\u00fchren und dies ist weder krankhaft noch ehrenr\u00fchrig.<\/p>\n<p>Hochachtungsvoll und mit der Bitte um Ver\u00f6ffentlichung auf Ihrer Leserbriefseite,<\/p>\n<p>&nbsp;<\/p>\n<p>Dr Robert Thill-Heusbourg<\/p>\n","protected":false},"excerpt":{"rendered":"<p>24.Juni 2014<\/p>\n<p>&nbsp;<\/p>\n<p>Herrn Jean-Lou Siweck<\/p>\n<p>Chefredakteur<\/p>\n<p>Luxemburger Wort<\/p>\n<p>&nbsp;<\/p>\n<p>&nbsp;<\/p>\n<p>&nbsp;<\/p>\n<p>Sehr geehrter Herr Siweck,<\/p>\n<p>&nbsp;<\/p>\n<p>In Ihrem Leitartikel vom 21. Juni zum Thema ADR \u201cPlatzproblem\u201d schreiben Sie unter anderem:<\/p>\n<p>&nbsp;<\/p>\n<p>&#8220;Fernand Kartheiser gibt seinerseits vehement den Verteidiger eines erzkonservativen Familienbildes. Nur schade, dass er seine politische Karriere vorher, als Vorsitzender der M\u00e4nnervereinigung AHL, [&#8230;]<\/p>\n","protected":false},"author":3,"featured_media":0,"comment_status":"open","ping_status":"open","sticky":false,"template":"","format":"standard","meta":{"footnotes":""},"categories":[1],"tags":[],"class_list":["post-522","post","type-post","status-publish","format-standard","hentry","category-chantier","odd"],"_links":{"self":[{"href":"https:\/\/www.thill-heusbourg.lu\/test\/wordpress\/index.php?rest_route=\/wp\/v2\/posts\/522","targetHints":{"allow":["GET"]}}],"collection":[{"href":"https:\/\/www.thill-heusbourg.lu\/test\/wordpress\/index.php?rest_route=\/wp\/v2\/posts"}],"about":[{"href":"https:\/\/www.thill-heusbourg.lu\/test\/wordpress\/index.php?rest_route=\/wp\/v2\/types\/post"}],"author":[{"embeddable":true,"href":"https:\/\/www.thill-heusbourg.lu\/test\/wordpress\/index.php?rest_route=\/wp\/v2\/users\/3"}],"replies":[{"embeddable":true,"href":"https:\/\/www.thill-heusbourg.lu\/test\/wordpress\/index.php?rest_route=%2Fwp%2Fv2%2Fcomments&post=522"}],"version-history":[{"count":2,"href":"https:\/\/www.thill-heusbourg.lu\/test\/wordpress\/index.php?rest_route=\/wp\/v2\/posts\/522\/revisions"}],"predecessor-version":[{"id":524,"href":"https:\/\/www.thill-heusbourg.lu\/test\/wordpress\/index.php?rest_route=\/wp\/v2\/posts\/522\/revisions\/524"}],"wp:attachment":[{"href":"https:\/\/www.thill-heusbourg.lu\/test\/wordpress\/index.php?rest_route=%2Fwp%2Fv2%2Fmedia&parent=522"}],"wp:term":[{"taxonomy":"category","embeddable":true,"href":"https:\/\/www.thill-heusbourg.lu\/test\/wordpress\/index.php?rest_route=%2Fwp%2Fv2%2Fcategories&post=522"},{"taxonomy":"post_tag","embeddable":true,"href":"https:\/\/www.thill-heusbourg.lu\/test\/wordpress\/index.php?rest_route=%2Fwp%2Fv2%2Ftags&post=522"}],"curies":[{"name":"wp","href":"https:\/\/api.w.org\/{rel}","templated":true}]}}