{"id":34,"date":"2009-03-31T18:10:01","date_gmt":"2009-03-31T17:10:01","guid":{"rendered":"http:\/\/www.thill-heusbourg.lu\/test\/wordpress\/?p=34"},"modified":"2009-12-03T09:49:26","modified_gmt":"2009-12-03T08:49:26","slug":"wie-gedanken-zu-taten-wurden","status":"publish","type":"post","link":"https:\/\/www.thill-heusbourg.lu\/test\/wordpress\/?p=34","title":{"rendered":"Wie Gedanken zu Taten wurden"},"content":{"rendered":"<p><!-- \t\t@page { size: 21cm 29.7cm; margin: 2cm } \t\tP { margin-bottom: 0.21cm } --><\/p>\n<p style=\"margin-bottom: 0cm; line-height: 150%;\" align=\"justify\"><span style=\"font-size: large;\"><span lang=\"de-DE\"><em>Dr. Robert Thill-Heusbourg<\/em><\/span><\/span><span style=\"font-size: large;\"><span lang=\"de-DE\"><em>*<\/em><\/span><\/span><\/p>\n<p style=\"margin-bottom: 0cm; line-height: 150%;\" lang=\"de-DE\" align=\"justify\">\n<p style=\"margin-bottom: 0cm; line-height: 150%;\" lang=\"de-DE\" align=\"justify\"><span style=\"font-size: medium;\">Eine aktuelle Studie im American Journal of Critical Care \u00fcber illegale Euthanasieakte an 76 Kindern und Jugendlichen in f\u00fcnf der sieben belgischen Kinder-Intensivstationen hat alle Bef\u00fcrchtungen best\u00e4tigt, dass eine Legalisierung der Euthanasie dem weiteren Missbrauch T\u00fcr und Tor \u00f6ffnen werde. 34 % (!) dieser Kinder wurden w\u00e4hrend der zwei (!) untersuchten Jahre durch eine direkte Gift-Injektion get\u00f6tet, wobei in einem Drittel dieser F\u00e4lle die Intensivschwester die minderj\u00e4hrigen  Patienten allein t\u00f6tete und der die T\u00f6tung anordnende Arzt beim T\u00f6tungsakt nicht einmal anwesend war. <\/span><\/p>\n<p style=\"margin-bottom: 0cm; line-height: 150%;\" lang=\"de-DE\" align=\"justify\"><span style=\"font-size: medium;\"><br \/>\n<\/span><\/p>\n<p style=\"margin-bottom: 0cm; line-height: 150%;\" lang=\"de-DE\" align=\"justify\"><span style=\"font-size: medium;\"><!--more--><br \/>\n<\/span><\/p>\n<p style=\"margin-bottom: 0cm; line-height: 150%;\" lang=\"de-DE\" align=\"justify\">\n<p style=\"margin-bottom: 0cm; line-height: 150%;\" align=\"justify\"><span style=\"font-size: medium;\"><span lang=\"de-DE\">Der franz\u00f6sische Journalist und Politiker Emile de Girardin  meinte schon vor mehr als hundert Jahren, dass Regieren mit Vorausschauen zu tun hat\u00a0: \u00a0\u201e<\/span><\/span><span style=\"font-size: medium;\"><span lang=\"de-DE\"><strong>Gouverner, c\u2019est pr\u00e9voir.\u201c<\/strong><\/span><\/span><\/p>\n<p style=\"margin-bottom: 0cm; line-height: 150%;\" lang=\"de-DE\" align=\"justify\">\n<p style=\"margin-bottom: 0cm; line-height: 150%;\" lang=\"de-DE\" align=\"justify\"><span style=\"font-size: medium;\">Die CSV hat in klarem Widerspruch zu ihrem urspr\u00fcnglich christlich gepr\u00e4gten  Grundsatzprogramm und im Irrglauben, dass Euthanasie ein Teil der Medizin sei, aus ideologischen und koalitionspolitischen Gr\u00fcnden nicht nur ein dem belgischen Beispiel folgendes Euthanasie-Gesetz in Luxemburg erm\u00f6glicht, sondern auch das Palliativmedizin-Gesetz um ein ganzes Jahr verz\u00f6gert.<\/span><\/p>\n<p style=\"margin-bottom: 0cm; line-height: 150%;\" lang=\"de-DE\" align=\"justify\">\n<p style=\"margin-bottom: 0cm; line-height: 150%;\" lang=\"de-DE\" align=\"justify\">\n<p style=\"margin-bottom: 0cm; line-height: 150%;\" lang=\"de-DE\" align=\"justify\"><span style=\"font-size: medium;\">Die CSV hat bei dieser Infragestellung  und Relativierung unseres Wertefundaments in einem der grundlegenden Belange unserer Gesellschaft nicht nur moralisch versagt, sondern sie hat sich auch politisch gr\u00fcndlich verkalkuliert. Unser Premierminister ist (leider) wieder daran zu erinnern, dass, bevor wir Banken und Wirtschaftssysteme zu retten haben, die bedrohten Grundwerte unserer Solidargemeinschaft zu bewahren sind.<\/span><\/p>\n<p style=\"margin-bottom: 0cm; line-height: 150%;\" lang=\"de-DE\" align=\"justify\">\n<p style=\"margin-bottom: 0cm; line-height: 150%;\" lang=\"de-DE\" align=\"justify\"><span style=\"font-size: medium;\">Die Taten der CSV lassen so einen R\u00fcckschluss auf ihre Gedanken zu und die Verleumdungen der ADR durch CSV-Vertreter erinnern immer wieder an die bekannte Tatsache, dass man nach dem Erdbeben auf die Seismographen einzuschlagen pflegt.<\/span><\/p>\n<p style=\"margin-bottom: 0cm; line-height: 150%;\" lang=\"de-DE\" align=\"justify\">\n<p style=\"margin-bottom: 0cm; line-height: 150%;\" lang=\"de-DE\" align=\"justify\">\n<p style=\"margin-bottom: 0cm; line-height: 150%;\" lang=\"de-DE\" align=\"justify\"><span style=\"font-size: medium;\">* Neurologe und Psychotherapeut<\/span><\/p>\n","protected":false},"excerpt":{"rendered":"<\/p>\n<p style=\"margin-bottom: 0cm; line-height: 150%;\" align=\"justify\">Dr. Robert Thill-Heusbourg*<\/p>\n<p style=\"margin-bottom: 0cm; line-height: 150%;\" lang=\"de-DE\" align=\"justify\">\n<p style=\"margin-bottom: 0cm; line-height: 150%;\" lang=\"de-DE\" align=\"justify\">Eine aktuelle Studie im American Journal of Critical Care \u00fcber illegale Euthanasieakte an 76 Kindern und Jugendlichen in f\u00fcnf der sieben belgischen Kinder-Intensivstationen hat alle Bef\u00fcrchtungen best\u00e4tigt, dass eine Legalisierung der Euthanasie dem [&#8230;]<\/p>\n","protected":false},"author":3,"featured_media":0,"comment_status":"open","ping_status":"open","sticky":false,"template":"","format":"standard","meta":{"footnotes":""},"categories":[6],"tags":[],"class_list":["post-34","post","type-post","status-publish","format-standard","hentry","category-euthanasie","odd"],"_links":{"self":[{"href":"https:\/\/www.thill-heusbourg.lu\/test\/wordpress\/index.php?rest_route=\/wp\/v2\/posts\/34","targetHints":{"allow":["GET"]}}],"collection":[{"href":"https:\/\/www.thill-heusbourg.lu\/test\/wordpress\/index.php?rest_route=\/wp\/v2\/posts"}],"about":[{"href":"https:\/\/www.thill-heusbourg.lu\/test\/wordpress\/index.php?rest_route=\/wp\/v2\/types\/post"}],"author":[{"embeddable":true,"href":"https:\/\/www.thill-heusbourg.lu\/test\/wordpress\/index.php?rest_route=\/wp\/v2\/users\/3"}],"replies":[{"embeddable":true,"href":"https:\/\/www.thill-heusbourg.lu\/test\/wordpress\/index.php?rest_route=%2Fwp%2Fv2%2Fcomments&post=34"}],"version-history":[{"count":5,"href":"https:\/\/www.thill-heusbourg.lu\/test\/wordpress\/index.php?rest_route=\/wp\/v2\/posts\/34\/revisions"}],"predecessor-version":[{"id":85,"href":"https:\/\/www.thill-heusbourg.lu\/test\/wordpress\/index.php?rest_route=\/wp\/v2\/posts\/34\/revisions\/85"}],"wp:attachment":[{"href":"https:\/\/www.thill-heusbourg.lu\/test\/wordpress\/index.php?rest_route=%2Fwp%2Fv2%2Fmedia&parent=34"}],"wp:term":[{"taxonomy":"category","embeddable":true,"href":"https:\/\/www.thill-heusbourg.lu\/test\/wordpress\/index.php?rest_route=%2Fwp%2Fv2%2Fcategories&post=34"},{"taxonomy":"post_tag","embeddable":true,"href":"https:\/\/www.thill-heusbourg.lu\/test\/wordpress\/index.php?rest_route=%2Fwp%2Fv2%2Ftags&post=34"}],"curies":[{"name":"wp","href":"https:\/\/api.w.org\/{rel}","templated":true}]}}